{"id":1081,"date":"2018-05-03T15:59:29","date_gmt":"2018-05-03T15:59:29","guid":{"rendered":"http:\/\/www.sabine-serrad.fr\/?p=1081"},"modified":"2018-05-03T16:31:12","modified_gmt":"2018-05-03T16:31:12","slug":"publication-domodeco-savoie","status":"publish","type":"post","link":"http:\/\/www.sabine-serrad.fr\/?p=1081","title":{"rendered":"Publication Domodeco \/ Savoie"},"content":{"rendered":"<div class=\"tiled-gallery type-rectangular tiled-gallery-unresized\" data-original-width=\"1200\" data-carousel-extra='{&quot;blog_id&quot;:1,&quot;permalink&quot;:&quot;http:\\\/\\\/www.sabine-serrad.fr\\\/?p=1081&quot;,&quot;likes_blog_id&quot;:101430433}' itemscope itemtype=\"http:\/\/schema.org\/ImageGallery\" > <div class=\"gallery-row\" style=\"width: 1200px; height: 370px;\" data-original-width=\"1200\" data-original-height=\"370\" > <div class=\"gallery-group images-1\" style=\"width: 598px; height: 370px;\" data-original-width=\"598\" data-original-height=\"370\" > <div class=\"tiled-gallery-item tiled-gallery-item-large\" itemprop=\"associatedMedia\" itemscope itemtype=\"http:\/\/schema.org\/ImageObject\"> <a href=\"http:\/\/www.sabine-serrad.fr\/?attachment_id=1075\" border=\"0\" itemprop=\"url\"> <meta itemprop=\"width\" content=\"594\"> <meta itemprop=\"height\" content=\"366\"> <img decoding=\"async\" class=\"\" data-attachment-id=\"1075\" data-orig-file=\"http:\/\/www.sabine-serrad.fr\/wp-content\/uploads\/2018\/05\/SabineSerradPublicationDomodecoSavoie-1.jpg\" data-orig-size=\"1417,872\" data-comments-opened=\"\" data-image-meta=\"{&quot;aperture&quot;:&quot;0&quot;,&quot;credit&quot;:&quot;&quot;,&quot;camera&quot;:&quot;&quot;,&quot;caption&quot;:&quot;&quot;,&quot;created_timestamp&quot;:&quot;0&quot;,&quot;copyright&quot;:&quot;&quot;,&quot;focal_length&quot;:&quot;0&quot;,&quot;iso&quot;:&quot;0&quot;,&quot;shutter_speed&quot;:&quot;0&quot;,&quot;title&quot;:&quot;&quot;,&quot;orientation&quot;:&quot;1&quot;}\" data-image-title=\"Publication Domodeco\" data-image-description=\"&lt;p&gt;Sabine Serrad photographe&lt;br \/&gt; Agence Refuge&lt;\/p&gt; \" data-medium-file=\"https:\/\/i0.wp.com\/www.sabine-serrad.fr\/wp-content\/uploads\/2018\/05\/SabineSerradPublicationDomodecoSavoie-1.jpg?fit=600%2C369\" data-large-file=\"https:\/\/i0.wp.com\/www.sabine-serrad.fr\/wp-content\/uploads\/2018\/05\/SabineSerradPublicationDomodecoSavoie-1.jpg?fit=1200%2C738\" src=\"https:\/\/i0.wp.com\/www.sabine-serrad.fr\/wp-content\/uploads\/2018\/05\/SabineSerradPublicationDomodecoSavoie-1.jpg?w=594&#038;h=366\" srcset=\"https:\/\/i0.wp.com\/www.sabine-serrad.fr\/wp-content\/uploads\/2018\/05\/SabineSerradPublicationDomodecoSavoie-1.jpg?w=1417 1417w, https:\/\/i0.wp.com\/www.sabine-serrad.fr\/wp-content\/uploads\/2018\/05\/SabineSerradPublicationDomodecoSavoie-1.jpg?resize=600%2C369 600w, https:\/\/i0.wp.com\/www.sabine-serrad.fr\/wp-content\/uploads\/2018\/05\/SabineSerradPublicationDomodecoSavoie-1.jpg?resize=768%2C473 768w, https:\/\/i0.wp.com\/www.sabine-serrad.fr\/wp-content\/uploads\/2018\/05\/SabineSerradPublicationDomodecoSavoie-1.jpg?resize=1229%2C756 1229w\" width=\"594\" height=\"366\" loading=\"lazy\" data-original-width=\"594\" data-original-height=\"366\" itemprop=\"http:\/\/schema.org\/image\" title=\"Publication Domodeco\" alt=\"Domod\u00e9co \u00e9dition savoie \/ Avril 2018\" style=\"width: 594px; height: 366px;\" \/> <\/a> <div class=\"tiled-gallery-caption\" itemprop=\"caption description\"> Domod\u00e9co \u00e9dition savoie \/ Avril 2018 <\/div> <\/div> <\/div> <!-- close group --> <div class=\"gallery-group images-1\" style=\"width: 602px; height: 370px;\" data-original-width=\"602\" data-original-height=\"370\" > <div class=\"tiled-gallery-item tiled-gallery-item-large\" itemprop=\"associatedMedia\" itemscope itemtype=\"http:\/\/schema.org\/ImageObject\"> <a href=\"http:\/\/www.sabine-serrad.fr\/?attachment_id=1076\" border=\"0\" itemprop=\"url\"> <meta itemprop=\"width\" content=\"598\"> <meta itemprop=\"height\" content=\"366\"> <img decoding=\"async\" class=\"\" data-attachment-id=\"1076\" data-orig-file=\"http:\/\/www.sabine-serrad.fr\/wp-content\/uploads\/2018\/05\/SabineSerradPublicationDomodecoSavoie1-1.jpg\" data-orig-size=\"1417,867\" data-comments-opened=\"\" data-image-meta=\"{&quot;aperture&quot;:&quot;0&quot;,&quot;credit&quot;:&quot;&quot;,&quot;camera&quot;:&quot;&quot;,&quot;caption&quot;:&quot;&quot;,&quot;created_timestamp&quot;:&quot;0&quot;,&quot;copyright&quot;:&quot;&quot;,&quot;focal_length&quot;:&quot;0&quot;,&quot;iso&quot;:&quot;0&quot;,&quot;shutter_speed&quot;:&quot;0&quot;,&quot;title&quot;:&quot;&quot;,&quot;orientation&quot;:&quot;1&quot;}\" data-image-title=\"Publication Domodeco\" data-image-description=\"&lt;p&gt;Sabine Serrad photographe&lt;br \/&gt; Agence Refuge&lt;\/p&gt; \" data-medium-file=\"https:\/\/i0.wp.com\/www.sabine-serrad.fr\/wp-content\/uploads\/2018\/05\/SabineSerradPublicationDomodecoSavoie1-1.jpg?fit=600%2C367\" data-large-file=\"https:\/\/i0.wp.com\/www.sabine-serrad.fr\/wp-content\/uploads\/2018\/05\/SabineSerradPublicationDomodecoSavoie1-1.jpg?fit=1200%2C734\" src=\"https:\/\/i0.wp.com\/www.sabine-serrad.fr\/wp-content\/uploads\/2018\/05\/SabineSerradPublicationDomodecoSavoie1-1.jpg?w=598&#038;h=366\" srcset=\"https:\/\/i0.wp.com\/www.sabine-serrad.fr\/wp-content\/uploads\/2018\/05\/SabineSerradPublicationDomodecoSavoie1-1.jpg?w=1417 1417w, https:\/\/i0.wp.com\/www.sabine-serrad.fr\/wp-content\/uploads\/2018\/05\/SabineSerradPublicationDomodecoSavoie1-1.jpg?resize=600%2C367 600w, https:\/\/i0.wp.com\/www.sabine-serrad.fr\/wp-content\/uploads\/2018\/05\/SabineSerradPublicationDomodecoSavoie1-1.jpg?resize=768%2C470 768w, https:\/\/i0.wp.com\/www.sabine-serrad.fr\/wp-content\/uploads\/2018\/05\/SabineSerradPublicationDomodecoSavoie1-1.jpg?resize=1229%2C752 1229w\" width=\"598\" height=\"366\" loading=\"lazy\" data-original-width=\"598\" data-original-height=\"366\" itemprop=\"http:\/\/schema.org\/image\" title=\"Publication Domodeco\" alt=\"Domod\u00e9co \u00e9dition Savoie \/ Avril 2018\" style=\"width: 598px; height: 366px;\" \/> <\/a> <div class=\"tiled-gallery-caption\" itemprop=\"caption description\"> Domod\u00e9co \u00e9dition Savoie \/ Avril 2018 <\/div> <\/div> <\/div> <!-- close group --> <\/div> <!-- close row --> <div class=\"gallery-row\" style=\"width: 1200px; height: 186px;\" data-original-width=\"1200\" data-original-height=\"186\" > <div class=\"gallery-group images-1\" style=\"width: 299px; height: 186px;\" data-original-width=\"299\" data-original-height=\"186\" > <div class=\"tiled-gallery-item tiled-gallery-item-large\" itemprop=\"associatedMedia\" itemscope itemtype=\"http:\/\/schema.org\/ImageObject\"> <a href=\"http:\/\/www.sabine-serrad.fr\/?attachment_id=1077\" border=\"0\" itemprop=\"url\"> <meta itemprop=\"width\" content=\"295\"> <meta itemprop=\"height\" content=\"182\"> <img decoding=\"async\" class=\"\" data-attachment-id=\"1077\" data-orig-file=\"http:\/\/www.sabine-serrad.fr\/wp-content\/uploads\/2018\/05\/SabineSerradPublicationDomodecoSavoie2-1.jpg\" data-orig-size=\"1417,873\" data-comments-opened=\"\" data-image-meta=\"{&quot;aperture&quot;:&quot;0&quot;,&quot;credit&quot;:&quot;&quot;,&quot;camera&quot;:&quot;&quot;,&quot;caption&quot;:&quot;&quot;,&quot;created_timestamp&quot;:&quot;0&quot;,&quot;copyright&quot;:&quot;&quot;,&quot;focal_length&quot;:&quot;0&quot;,&quot;iso&quot;:&quot;0&quot;,&quot;shutter_speed&quot;:&quot;0&quot;,&quot;title&quot;:&quot;&quot;,&quot;orientation&quot;:&quot;1&quot;}\" data-image-title=\"Publication Domodeco\" data-image-description=\"&lt;p&gt;Sabine Serrad photographe&lt;br \/&gt; Agence Refuge&lt;\/p&gt; \" data-medium-file=\"https:\/\/i0.wp.com\/www.sabine-serrad.fr\/wp-content\/uploads\/2018\/05\/SabineSerradPublicationDomodecoSavoie2-1.jpg?fit=600%2C370\" data-large-file=\"https:\/\/i0.wp.com\/www.sabine-serrad.fr\/wp-content\/uploads\/2018\/05\/SabineSerradPublicationDomodecoSavoie2-1.jpg?fit=1200%2C739\" src=\"https:\/\/i0.wp.com\/www.sabine-serrad.fr\/wp-content\/uploads\/2018\/05\/SabineSerradPublicationDomodecoSavoie2-1.jpg?w=295&#038;h=182\" srcset=\"https:\/\/i0.wp.com\/www.sabine-serrad.fr\/wp-content\/uploads\/2018\/05\/SabineSerradPublicationDomodecoSavoie2-1.jpg?w=1417 1417w, https:\/\/i0.wp.com\/www.sabine-serrad.fr\/wp-content\/uploads\/2018\/05\/SabineSerradPublicationDomodecoSavoie2-1.jpg?resize=600%2C370 600w, https:\/\/i0.wp.com\/www.sabine-serrad.fr\/wp-content\/uploads\/2018\/05\/SabineSerradPublicationDomodecoSavoie2-1.jpg?resize=768%2C473 768w, https:\/\/i0.wp.com\/www.sabine-serrad.fr\/wp-content\/uploads\/2018\/05\/SabineSerradPublicationDomodecoSavoie2-1.jpg?resize=1229%2C757 1229w\" width=\"295\" height=\"182\" loading=\"lazy\" data-original-width=\"295\" data-original-height=\"182\" itemprop=\"http:\/\/schema.org\/image\" title=\"Publication Domodeco\" alt=\"Domod\u00e9co \u00e9dition Savoie \/ Avril 2018\" style=\"width: 295px; height: 182px;\" \/> <\/a> <div class=\"tiled-gallery-caption\" itemprop=\"caption description\"> Domod\u00e9co \u00e9dition Savoie \/ Avril 2018 <\/div> <\/div> <\/div> <!-- close group --> <div class=\"gallery-group images-1\" style=\"width: 299px; height: 186px;\" data-original-width=\"299\" data-original-height=\"186\" > <div class=\"tiled-gallery-item tiled-gallery-item-large\" itemprop=\"associatedMedia\" itemscope itemtype=\"http:\/\/schema.org\/ImageObject\"> <a href=\"http:\/\/www.sabine-serrad.fr\/?attachment_id=1078\" border=\"0\" itemprop=\"url\"> <meta itemprop=\"width\" content=\"295\"> <meta itemprop=\"height\" content=\"182\"> <img decoding=\"async\" class=\"\" data-attachment-id=\"1078\" data-orig-file=\"http:\/\/www.sabine-serrad.fr\/wp-content\/uploads\/2018\/05\/SabineSerradPublicationDomodecoSavoie3-1.jpg\" data-orig-size=\"1417,872\" data-comments-opened=\"\" data-image-meta=\"{&quot;aperture&quot;:&quot;0&quot;,&quot;credit&quot;:&quot;&quot;,&quot;camera&quot;:&quot;&quot;,&quot;caption&quot;:&quot;&quot;,&quot;created_timestamp&quot;:&quot;0&quot;,&quot;copyright&quot;:&quot;&quot;,&quot;focal_length&quot;:&quot;0&quot;,&quot;iso&quot;:&quot;0&quot;,&quot;shutter_speed&quot;:&quot;0&quot;,&quot;title&quot;:&quot;&quot;,&quot;orientation&quot;:&quot;1&quot;}\" data-image-title=\"Publication Domodeco\" data-image-description=\"&lt;p&gt;Sabine Serrad photographe&lt;br \/&gt; Agence Refuge&lt;\/p&gt; \" data-medium-file=\"https:\/\/i0.wp.com\/www.sabine-serrad.fr\/wp-content\/uploads\/2018\/05\/SabineSerradPublicationDomodecoSavoie3-1.jpg?fit=600%2C369\" data-large-file=\"https:\/\/i0.wp.com\/www.sabine-serrad.fr\/wp-content\/uploads\/2018\/05\/SabineSerradPublicationDomodecoSavoie3-1.jpg?fit=1200%2C738\" src=\"https:\/\/i0.wp.com\/www.sabine-serrad.fr\/wp-content\/uploads\/2018\/05\/SabineSerradPublicationDomodecoSavoie3-1.jpg?w=295&#038;h=182\" srcset=\"https:\/\/i0.wp.com\/www.sabine-serrad.fr\/wp-content\/uploads\/2018\/05\/SabineSerradPublicationDomodecoSavoie3-1.jpg?w=1417 1417w, https:\/\/i0.wp.com\/www.sabine-serrad.fr\/wp-content\/uploads\/2018\/05\/SabineSerradPublicationDomodecoSavoie3-1.jpg?resize=600%2C369 600w, https:\/\/i0.wp.com\/www.sabine-serrad.fr\/wp-content\/uploads\/2018\/05\/SabineSerradPublicationDomodecoSavoie3-1.jpg?resize=768%2C473 768w, https:\/\/i0.wp.com\/www.sabine-serrad.fr\/wp-content\/uploads\/2018\/05\/SabineSerradPublicationDomodecoSavoie3-1.jpg?resize=1229%2C756 1229w\" width=\"295\" height=\"182\" loading=\"lazy\" data-original-width=\"295\" data-original-height=\"182\" itemprop=\"http:\/\/schema.org\/image\" title=\"Publication Domodeco\" alt=\"Domod\u00e9co \u00e9dition Savoie \/ Avril 2018\" style=\"width: 295px; height: 182px;\" \/> <\/a> <div class=\"tiled-gallery-caption\" itemprop=\"caption description\"> Domod\u00e9co \u00e9dition Savoie \/ Avril 2018 <\/div> <\/div> <\/div> <!-- close group --> <div class=\"gallery-group images-1\" style=\"width: 301px; height: 186px;\" data-original-width=\"301\" data-original-height=\"186\" > <div class=\"tiled-gallery-item tiled-gallery-item-large\" itemprop=\"associatedMedia\" itemscope itemtype=\"http:\/\/schema.org\/ImageObject\"> <a href=\"http:\/\/www.sabine-serrad.fr\/?attachment_id=1079\" border=\"0\" itemprop=\"url\"> <meta itemprop=\"width\" content=\"297\"> <meta itemprop=\"height\" content=\"182\"> <img decoding=\"async\" class=\"\" data-attachment-id=\"1079\" data-orig-file=\"http:\/\/www.sabine-serrad.fr\/wp-content\/uploads\/2018\/05\/SabineSerradPublicationDomodecoSavoie4-1.jpg\" data-orig-size=\"1417,868\" data-comments-opened=\"\" data-image-meta=\"{&quot;aperture&quot;:&quot;0&quot;,&quot;credit&quot;:&quot;&quot;,&quot;camera&quot;:&quot;&quot;,&quot;caption&quot;:&quot;&quot;,&quot;created_timestamp&quot;:&quot;0&quot;,&quot;copyright&quot;:&quot;&quot;,&quot;focal_length&quot;:&quot;0&quot;,&quot;iso&quot;:&quot;0&quot;,&quot;shutter_speed&quot;:&quot;0&quot;,&quot;title&quot;:&quot;&quot;,&quot;orientation&quot;:&quot;1&quot;}\" data-image-title=\"Publication Domodeco\" data-image-description=\"&lt;p&gt;Sabine Serrad photographe&lt;br \/&gt; Agence Refuge&lt;\/p&gt; \" data-medium-file=\"https:\/\/i0.wp.com\/www.sabine-serrad.fr\/wp-content\/uploads\/2018\/05\/SabineSerradPublicationDomodecoSavoie4-1.jpg?fit=600%2C368\" data-large-file=\"https:\/\/i0.wp.com\/www.sabine-serrad.fr\/wp-content\/uploads\/2018\/05\/SabineSerradPublicationDomodecoSavoie4-1.jpg?fit=1200%2C735\" src=\"https:\/\/i0.wp.com\/www.sabine-serrad.fr\/wp-content\/uploads\/2018\/05\/SabineSerradPublicationDomodecoSavoie4-1.jpg?w=297&#038;h=182\" srcset=\"https:\/\/i0.wp.com\/www.sabine-serrad.fr\/wp-content\/uploads\/2018\/05\/SabineSerradPublicationDomodecoSavoie4-1.jpg?w=1417 1417w, https:\/\/i0.wp.com\/www.sabine-serrad.fr\/wp-content\/uploads\/2018\/05\/SabineSerradPublicationDomodecoSavoie4-1.jpg?resize=600%2C368 600w, https:\/\/i0.wp.com\/www.sabine-serrad.fr\/wp-content\/uploads\/2018\/05\/SabineSerradPublicationDomodecoSavoie4-1.jpg?resize=768%2C470 768w, https:\/\/i0.wp.com\/www.sabine-serrad.fr\/wp-content\/uploads\/2018\/05\/SabineSerradPublicationDomodecoSavoie4-1.jpg?resize=1229%2C753 1229w\" width=\"297\" height=\"182\" loading=\"lazy\" data-original-width=\"297\" data-original-height=\"182\" itemprop=\"http:\/\/schema.org\/image\" title=\"Publication Domodeco\" alt=\"Domod\u00e9co \u00e9dition Savoie \/ Avril 2018\" style=\"width: 297px; height: 182px;\" \/> <\/a> <div class=\"tiled-gallery-caption\" itemprop=\"caption description\"> Domod\u00e9co \u00e9dition Savoie \/ Avril 2018 <\/div> <\/div> <\/div> <!-- close group --> <div class=\"gallery-group images-1\" style=\"width: 301px; height: 186px;\" data-original-width=\"301\" data-original-height=\"186\" > <div class=\"tiled-gallery-item tiled-gallery-item-large\" itemprop=\"associatedMedia\" itemscope itemtype=\"http:\/\/schema.org\/ImageObject\"> <a href=\"http:\/\/www.sabine-serrad.fr\/?attachment_id=1080\" border=\"0\" itemprop=\"url\"> <meta itemprop=\"width\" content=\"297\"> <meta itemprop=\"height\" content=\"182\"> <img decoding=\"async\" class=\"\" data-attachment-id=\"1080\" data-orig-file=\"http:\/\/www.sabine-serrad.fr\/wp-content\/uploads\/2018\/05\/SabineSerradPublicationDomodecoSavoie5-1.jpg\" data-orig-size=\"1417,867\" data-comments-opened=\"\" data-image-meta=\"{&quot;aperture&quot;:&quot;0&quot;,&quot;credit&quot;:&quot;&quot;,&quot;camera&quot;:&quot;&quot;,&quot;caption&quot;:&quot;&quot;,&quot;created_timestamp&quot;:&quot;0&quot;,&quot;copyright&quot;:&quot;&quot;,&quot;focal_length&quot;:&quot;0&quot;,&quot;iso&quot;:&quot;0&quot;,&quot;shutter_speed&quot;:&quot;0&quot;,&quot;title&quot;:&quot;&quot;,&quot;orientation&quot;:&quot;1&quot;}\" data-image-title=\"Publication Domodeco\" data-image-description=\"&lt;p&gt;Sabine Serrad photographe&lt;br \/&gt; Agence Refuge&lt;\/p&gt; \" data-medium-file=\"https:\/\/i0.wp.com\/www.sabine-serrad.fr\/wp-content\/uploads\/2018\/05\/SabineSerradPublicationDomodecoSavoie5-1.jpg?fit=600%2C367\" data-large-file=\"https:\/\/i0.wp.com\/www.sabine-serrad.fr\/wp-content\/uploads\/2018\/05\/SabineSerradPublicationDomodecoSavoie5-1.jpg?fit=1200%2C734\" src=\"https:\/\/i0.wp.com\/www.sabine-serrad.fr\/wp-content\/uploads\/2018\/05\/SabineSerradPublicationDomodecoSavoie5-1.jpg?w=297&#038;h=182\" srcset=\"https:\/\/i0.wp.com\/www.sabine-serrad.fr\/wp-content\/uploads\/2018\/05\/SabineSerradPublicationDomodecoSavoie5-1.jpg?w=1417 1417w, https:\/\/i0.wp.com\/www.sabine-serrad.fr\/wp-content\/uploads\/2018\/05\/SabineSerradPublicationDomodecoSavoie5-1.jpg?resize=600%2C367 600w, https:\/\/i0.wp.com\/www.sabine-serrad.fr\/wp-content\/uploads\/2018\/05\/SabineSerradPublicationDomodecoSavoie5-1.jpg?resize=768%2C470 768w, https:\/\/i0.wp.com\/www.sabine-serrad.fr\/wp-content\/uploads\/2018\/05\/SabineSerradPublicationDomodecoSavoie5-1.jpg?resize=1229%2C752 1229w\" width=\"297\" height=\"182\" loading=\"lazy\" data-original-width=\"297\" data-original-height=\"182\" itemprop=\"http:\/\/schema.org\/image\" title=\"Publication Domodeco\" alt=\"Domod\u00e9co \u00e9dition Savoie \/ Avril 2018\" style=\"width: 297px; height: 182px;\" \/> <\/a> <div class=\"tiled-gallery-caption\" itemprop=\"caption description\"> Domod\u00e9co \u00e9dition Savoie \/ Avril 2018 <\/div> <\/div> <\/div> <!-- close group --> <\/div> <!-- close row --> <\/div>\n","protected":false},"excerpt":{"rendered":"","protected":false},"author":1,"featured_media":1075,"comment_status":"closed","ping_status":"open","sticky":false,"template":"","format":"standard","meta":{"jetpack_post_was_ever_published":false,"_jetpack_newsletter_access":"","_jetpack_newsletter_tier_id":0,"footnotes":"","jetpack_publicize_message":"","jetpack_is_tweetstorm":false,"jetpack_publicize_feature_enabled":true,"jetpack_social_post_already_shared":true,"jetpack_social_options":{"image_generator_settings":{"template":"highway","enabled":false}}},"categories":[88],"tags":[122,86,68,121,120,64,67,84,63,66],"jetpack_publicize_connections":[],"jetpack_featured_media_url":"https:\/\/i0.wp.com\/www.sabine-serrad.fr\/wp-content\/uploads\/2018\/05\/SabineSerradPublicationDomodecoSavoie-1.jpg?fit=1417%2C872","jetpack_sharing_enabled":true,"jetpack_shortlink":"https:\/\/wp.me\/p6RAGJ-hr","jetpack-related-posts":[{"id":1463,"url":"http:\/\/www.sabine-serrad.fr\/?p=1463","url_meta":{"origin":1081,"position":0},"title":"Domodeco n\u00b098","author":"sabine-serrad","date":"17 mai 2021","format":"image","excerpt":"\"Trame lumineuse, Canevas d\u00e9coratif\" Architecture int\u00e9rieur Colombe Marciano","rel":"","context":"Dans &quot;D\u00e9coration \/ Architecture d'int\u00e9rieur&quot;","block_context":{"text":"D\u00e9coration \/ Architecture d'int\u00e9rieur","link":"http:\/\/www.sabine-serrad.fr\/?cat=88"},"img":{"alt_text":"","src":"https:\/\/i0.wp.com\/www.sabine-serrad.fr\/wp-content\/uploads\/2021\/05\/Domodeco-N-98-Colombe-Marciano-Sabine-Serrad-1.jpg?fit=1200%2C783&resize=350%2C200","width":350,"height":200,"srcset":"https:\/\/i0.wp.com\/www.sabine-serrad.fr\/wp-content\/uploads\/2021\/05\/Domodeco-N-98-Colombe-Marciano-Sabine-Serrad-1.jpg?fit=1200%2C783&resize=350%2C200 1x, https:\/\/i0.wp.com\/www.sabine-serrad.fr\/wp-content\/uploads\/2021\/05\/Domodeco-N-98-Colombe-Marciano-Sabine-Serrad-1.jpg?fit=1200%2C783&resize=525%2C300 1.5x, https:\/\/i0.wp.com\/www.sabine-serrad.fr\/wp-content\/uploads\/2021\/05\/Domodeco-N-98-Colombe-Marciano-Sabine-Serrad-1.jpg?fit=1200%2C783&resize=700%2C400 2x, https:\/\/i0.wp.com\/www.sabine-serrad.fr\/wp-content\/uploads\/2021\/05\/Domodeco-N-98-Colombe-Marciano-Sabine-Serrad-1.jpg?fit=1200%2C783&resize=1050%2C600 3x"},"classes":[]},{"id":1084,"url":"http:\/\/www.sabine-serrad.fr\/?p=1084","url_meta":{"origin":1081,"position":1},"title":"Publication Domodeco \/ Avril 2018","author":"sabine-serrad","date":"3 mai 2018","format":false,"excerpt":"https:\/\/www.domodeco.fr\/magazine-en-ligne","rel":"","context":"Dans &quot;D\u00e9coration \/ Architecture d'int\u00e9rieur&quot;","block_context":{"text":"D\u00e9coration \/ Architecture d'int\u00e9rieur","link":"http:\/\/www.sabine-serrad.fr\/?cat=88"},"img":{"alt_text":"","src":"https:\/\/i0.wp.com\/www.sabine-serrad.fr\/wp-content\/uploads\/2018\/05\/SabineSerradPublicationDomodeco1-1.jpg?fit=1200%2C749&resize=350%2C200","width":350,"height":200,"srcset":"https:\/\/i0.wp.com\/www.sabine-serrad.fr\/wp-content\/uploads\/2018\/05\/SabineSerradPublicationDomodeco1-1.jpg?fit=1200%2C749&resize=350%2C200 1x, https:\/\/i0.wp.com\/www.sabine-serrad.fr\/wp-content\/uploads\/2018\/05\/SabineSerradPublicationDomodeco1-1.jpg?fit=1200%2C749&resize=525%2C300 1.5x, https:\/\/i0.wp.com\/www.sabine-serrad.fr\/wp-content\/uploads\/2018\/05\/SabineSerradPublicationDomodeco1-1.jpg?fit=1200%2C749&resize=700%2C400 2x, https:\/\/i0.wp.com\/www.sabine-serrad.fr\/wp-content\/uploads\/2018\/05\/SabineSerradPublicationDomodeco1-1.jpg?fit=1200%2C749&resize=1050%2C600 3x"},"classes":[]},{"id":1481,"url":"http:\/\/www.sabine-serrad.fr\/?p=1481","url_meta":{"origin":1081,"position":2},"title":"Publication Domodeco N\u00b0104 \/ Architecture Interieur sign\u00e9e Nathalie Rives","author":"sabine-serrad","date":"24 ao\u00fbt 2022","format":"image","excerpt":"","rel":"","context":"Dans &quot;D\u00e9coration \/ Architecture d'int\u00e9rieur&quot;","block_context":{"text":"D\u00e9coration \/ Architecture d'int\u00e9rieur","link":"http:\/\/www.sabine-serrad.fr\/?cat=88"},"img":{"alt_text":"","src":"https:\/\/i0.wp.com\/www.sabine-serrad.fr\/wp-content\/uploads\/2022\/08\/Publication-Domodeco-Nathalie-Rives.png?fit=867%2C1134&resize=350%2C200","width":350,"height":200,"srcset":"https:\/\/i0.wp.com\/www.sabine-serrad.fr\/wp-content\/uploads\/2022\/08\/Publication-Domodeco-Nathalie-Rives.png?fit=867%2C1134&resize=350%2C200 1x, https:\/\/i0.wp.com\/www.sabine-serrad.fr\/wp-content\/uploads\/2022\/08\/Publication-Domodeco-Nathalie-Rives.png?fit=867%2C1134&resize=525%2C300 1.5x, https:\/\/i0.wp.com\/www.sabine-serrad.fr\/wp-content\/uploads\/2022\/08\/Publication-Domodeco-Nathalie-Rives.png?fit=867%2C1134&resize=700%2C400 2x"},"classes":[]},{"id":1412,"url":"http:\/\/www.sabine-serrad.fr\/?p=1412","url_meta":{"origin":1081,"position":3},"title":"Publication DOMODECO \/ Triplex Chamonix Montblanc sign\u00e9 Agence BY","author":"sabine-serrad","date":"8 janvier 2021","format":"image","excerpt":"","rel":"","context":"Dans &quot;Non class\u00e9&quot;","block_context":{"text":"Non class\u00e9","link":"http:\/\/www.sabine-serrad.fr\/?cat=1"},"img":{"alt_text":"","src":"https:\/\/i0.wp.com\/www.sabine-serrad.fr\/wp-content\/uploads\/2021\/01\/Domodeco-Agence-By-Chamonix-Sabine-Serrad-2.png?fit=915%2C1200&resize=350%2C200","width":350,"height":200,"srcset":"https:\/\/i0.wp.com\/www.sabine-serrad.fr\/wp-content\/uploads\/2021\/01\/Domodeco-Agence-By-Chamonix-Sabine-Serrad-2.png?fit=915%2C1200&resize=350%2C200 1x, https:\/\/i0.wp.com\/www.sabine-serrad.fr\/wp-content\/uploads\/2021\/01\/Domodeco-Agence-By-Chamonix-Sabine-Serrad-2.png?fit=915%2C1200&resize=525%2C300 1.5x, https:\/\/i0.wp.com\/www.sabine-serrad.fr\/wp-content\/uploads\/2021\/01\/Domodeco-Agence-By-Chamonix-Sabine-Serrad-2.png?fit=915%2C1200&resize=700%2C400 2x"},"classes":[]},{"id":1338,"url":"http:\/\/www.sabine-serrad.fr\/?p=1338","url_meta":{"origin":1081,"position":4},"title":"Publication DOMODECO #Sur R\u00e9servation","author":"sabine-serrad","date":"7 janvier 2021","format":"image","excerpt":"","rel":"","context":"Dans &quot;D\u00e9coration \/ Architecture d'int\u00e9rieur&quot;","block_context":{"text":"D\u00e9coration \/ Architecture d'int\u00e9rieur","link":"http:\/\/www.sabine-serrad.fr\/?cat=88"},"img":{"alt_text":"Publication Domodeco","src":"https:\/\/i0.wp.com\/www.sabine-serrad.fr\/wp-content\/uploads\/2021\/01\/DOMODECO-Publication-Le-Manoir-du-Colombier-Sabine-Serrad1.png?fit=1200%2C782&resize=350%2C200","width":350,"height":200,"srcset":"https:\/\/i0.wp.com\/www.sabine-serrad.fr\/wp-content\/uploads\/2021\/01\/DOMODECO-Publication-Le-Manoir-du-Colombier-Sabine-Serrad1.png?fit=1200%2C782&resize=350%2C200 1x, https:\/\/i0.wp.com\/www.sabine-serrad.fr\/wp-content\/uploads\/2021\/01\/DOMODECO-Publication-Le-Manoir-du-Colombier-Sabine-Serrad1.png?fit=1200%2C782&resize=525%2C300 1.5x, https:\/\/i0.wp.com\/www.sabine-serrad.fr\/wp-content\/uploads\/2021\/01\/DOMODECO-Publication-Le-Manoir-du-Colombier-Sabine-Serrad1.png?fit=1200%2C782&resize=700%2C400 2x, https:\/\/i0.wp.com\/www.sabine-serrad.fr\/wp-content\/uploads\/2021\/01\/DOMODECO-Publication-Le-Manoir-du-Colombier-Sabine-Serrad1.png?fit=1200%2C782&resize=1050%2C600 3x"},"classes":[]},{"id":1352,"url":"http:\/\/www.sabine-serrad.fr\/?p=1352","url_meta":{"origin":1081,"position":5},"title":"Publication DOMODECO #Chateau la Gall\u00e9e \/ Nathalie Rives","author":"sabine-serrad","date":"7 janvier 2021","format":"image","excerpt":"","rel":"","context":"Dans &quot;Non class\u00e9&quot;","block_context":{"text":"Non class\u00e9","link":"http:\/\/www.sabine-serrad.fr\/?cat=1"},"img":{"alt_text":"","src":"https:\/\/i0.wp.com\/www.sabine-serrad.fr\/wp-content\/uploads\/2021\/01\/Nathalie-Rives-Domodeco-Publication-Chateau-La-Gallee-Sabine-Serrad.jpg?fit=760%2C992&resize=350%2C200","width":350,"height":200,"srcset":"https:\/\/i0.wp.com\/www.sabine-serrad.fr\/wp-content\/uploads\/2021\/01\/Nathalie-Rives-Domodeco-Publication-Chateau-La-Gallee-Sabine-Serrad.jpg?fit=760%2C992&resize=350%2C200 1x, https:\/\/i0.wp.com\/www.sabine-serrad.fr\/wp-content\/uploads\/2021\/01\/Nathalie-Rives-Domodeco-Publication-Chateau-La-Gallee-Sabine-Serrad.jpg?fit=760%2C992&resize=525%2C300 1.5x, https:\/\/i0.wp.com\/www.sabine-serrad.fr\/wp-content\/uploads\/2021\/01\/Nathalie-Rives-Domodeco-Publication-Chateau-La-Gallee-Sabine-Serrad.jpg?fit=760%2C992&resize=700%2C400 2x"},"classes":[]}],"_links":{"self":[{"href":"http:\/\/www.sabine-serrad.fr\/index.php?rest_route=\/wp\/v2\/posts\/1081"}],"collection":[{"href":"http:\/\/www.sabine-serrad.fr\/index.php?rest_route=\/wp\/v2\/posts"}],"about":[{"href":"http:\/\/www.sabine-serrad.fr\/index.php?rest_route=\/wp\/v2\/types\/post"}],"author":[{"embeddable":true,"href":"http:\/\/www.sabine-serrad.fr\/index.php?rest_route=\/wp\/v2\/users\/1"}],"replies":[{"embeddable":true,"href":"http:\/\/www.sabine-serrad.fr\/index.php?rest_route=%2Fwp%2Fv2%2Fcomments&post=1081"}],"version-history":[{"count":3,"href":"http:\/\/www.sabine-serrad.fr\/index.php?rest_route=\/wp\/v2\/posts\/1081\/revisions"}],"predecessor-version":[{"id":1092,"href":"http:\/\/www.sabine-serrad.fr\/index.php?rest_route=\/wp\/v2\/posts\/1081\/revisions\/1092"}],"wp:featuredmedia":[{"embeddable":true,"href":"http:\/\/www.sabine-serrad.fr\/index.php?rest_route=\/wp\/v2\/media\/1075"}],"wp:attachment":[{"href":"http:\/\/www.sabine-serrad.fr\/index.php?rest_route=%2Fwp%2Fv2%2Fmedia&parent=1081"}],"wp:term":[{"taxonomy":"category","embeddable":true,"href":"http:\/\/www.sabine-serrad.fr\/index.php?rest_route=%2Fwp%2Fv2%2Fcategories&post=1081"},{"taxonomy":"post_tag","embeddable":true,"href":"http:\/\/www.sabine-serrad.fr\/index.php?rest_route=%2Fwp%2Fv2%2Ftags&post=1081"}],"curies":[{"name":"wp","href":"https:\/\/api.w.org\/{rel}","templated":true}]}}