{"id":1248,"date":"2020-05-06T10:48:26","date_gmt":"2020-05-06T10:48:26","guid":{"rendered":"https:\/\/www.sabine-serrad.fr\/?p=1248"},"modified":"2020-05-06T10:49:20","modified_gmt":"2020-05-06T10:49:20","slug":"cote-maison-dyade-atelier","status":"publish","type":"post","link":"https:\/\/www.sabine-serrad.fr\/?p=1248","title":{"rendered":"C\u00f4t\u00e9 Maison #Dyade Atelier"},"content":{"rendered":"<dl id=\"attachment_1246\" class=\"wp-caption alignnone\" style=\"width: 850px;\">\n<dt class=\"wp-caption-dt\"><a href=\"https:\/\/www.cotemaison.fr\/maison-famille\/un-sejour-transforme-avec-une-suite-parentale-dans-une-maison-lyonnaise_32515.html\" target=\"_blank\" rel=\"noopener\"><img loading=\"lazy\" decoding=\"async\" data-attachment-id=\"1246\" data-permalink=\"https:\/\/www.sabine-serrad.fr\/?attachment_id=1246\" data-orig-file=\"https:\/\/i0.wp.com\/www.sabine-serrad.fr\/wp-content\/uploads\/2020\/05\/Co\u0302te\u0301-Maison-Dyade-Atelier.png?fit=850%2C695&amp;ssl=1\" data-orig-size=\"850,695\" data-comments-opened=\"0\" data-image-meta=\"{&quot;aperture&quot;:&quot;0&quot;,&quot;credit&quot;:&quot;&quot;,&quot;camera&quot;:&quot;&quot;,&quot;caption&quot;:&quot;&quot;,&quot;created_timestamp&quot;:&quot;0&quot;,&quot;copyright&quot;:&quot;&quot;,&quot;focal_length&quot;:&quot;0&quot;,&quot;iso&quot;:&quot;0&quot;,&quot;shutter_speed&quot;:&quot;0&quot;,&quot;title&quot;:&quot;&quot;,&quot;orientation&quot;:&quot;0&quot;}\" data-image-title=\"Co\u0302te\u0301 Maison #Dyade Atelier\" data-image-description=\"&lt;p&gt;https:\/\/www.cotemaison.fr\/maison-famille\/un-sejour-transforme-avec-une-suite-parentale-dans-une-maison-lyonnaise_32515.html&lt;\/p&gt;\n\" data-image-caption=\"&lt;p&gt;Un s\u00e9jour transform\u00e9 en suite parentale&lt;\/p&gt;\n\" data-medium-file=\"https:\/\/i0.wp.com\/www.sabine-serrad.fr\/wp-content\/uploads\/2020\/05\/Co\u0302te\u0301-Maison-Dyade-Atelier.png?fit=600%2C491&amp;ssl=1\" data-large-file=\"https:\/\/i0.wp.com\/www.sabine-serrad.fr\/wp-content\/uploads\/2020\/05\/Co\u0302te\u0301-Maison-Dyade-Atelier.png?fit=850%2C695&amp;ssl=1\" class=\"alignnone size-full wp-image-1246\" src=\"https:\/\/i0.wp.com\/www.sabine-serrad.fr\/wp-content\/uploads\/2020\/05\/Co\u0302te\u0301-Maison-Dyade-Atelier.png?resize=850%2C695&#038;ssl=1\" alt=\"Co\u0302te\u0301 Maison #Dyade Atelier\" width=\"850\" height=\"695\" srcset=\"https:\/\/i0.wp.com\/www.sabine-serrad.fr\/wp-content\/uploads\/2020\/05\/Co\u0302te\u0301-Maison-Dyade-Atelier.png?w=850&amp;ssl=1 850w, https:\/\/i0.wp.com\/www.sabine-serrad.fr\/wp-content\/uploads\/2020\/05\/Co\u0302te\u0301-Maison-Dyade-Atelier.png?resize=600%2C491&amp;ssl=1 600w, https:\/\/i0.wp.com\/www.sabine-serrad.fr\/wp-content\/uploads\/2020\/05\/Co\u0302te\u0301-Maison-Dyade-Atelier.png?resize=768%2C628&amp;ssl=1 768w\" sizes=\"(max-width: 850px) 100vw, 850px\" data-recalc-dims=\"1\" \/><\/a><\/dt>\n<dd class=\"wp-caption-dd\">Un s\u00e9jour transform\u00e9 en suite parentale<\/dd>\n<\/dl>\n","protected":false},"excerpt":{"rendered":"<p>Un s\u00e9jour transform\u00e9 en suite parentale<\/p>\n","protected":false},"author":1,"featured_media":1246,"comment_status":"closed","ping_status":"open","sticky":false,"template":"","format":"image","meta":{"jetpack_post_was_ever_published":false,"_jetpack_newsletter_access":"","_jetpack_newsletter_tier_id":0,"footnotes":"","jetpack_publicize_message":"","jetpack_is_tweetstorm":false,"jetpack_publicize_feature_enabled":true,"jetpack_social_post_already_shared":true,"jetpack_social_options":{"image_generator_settings":{"template":"highway","enabled":false}}},"categories":[1],"tags":[],"jetpack_publicize_connections":[],"jetpack_featured_media_url":"https:\/\/i0.wp.com\/www.sabine-serrad.fr\/wp-content\/uploads\/2020\/05\/Co\u0302te\u0301-Maison-Dyade-Atelier.png?fit=850%2C695&ssl=1","jetpack_sharing_enabled":true,"jetpack_shortlink":"https:\/\/wp.me\/p6RAGJ-k8","jetpack-related-posts":[{"id":1387,"url":"https:\/\/www.sabine-serrad.fr\/?p=1387","url_meta":{"origin":1248,"position":0},"title":"Publication C\u00f4t\u00e9 Sud avec Nathalie Rives #D\u00e9cembre Janvier 2021","author":"sabine-serrad","date":"8 janvier 2021","format":"image","excerpt":"","rel":"","context":"Dans &quot;Non class\u00e9&quot;","block_context":{"text":"Non class\u00e9","link":"https:\/\/www.sabine-serrad.fr\/?cat=1"},"img":{"alt_text":"","src":"https:\/\/i0.wp.com\/www.sabine-serrad.fr\/wp-content\/uploads\/2021\/01\/CoteSud-Publication-Sabine-Serrad.png?fit=509%2C602&ssl=1&resize=350%2C200","width":350,"height":200},"classes":[]},{"id":1232,"url":"https:\/\/www.sabine-serrad.fr\/?p=1232","url_meta":{"origin":1248,"position":1},"title":"Maison et Travaux","author":"sabine-serrad","date":"6 mai 2020","format":"image","excerpt":"","rel":"","context":"Dans &quot;Non class\u00e9&quot;","block_context":{"text":"Non class\u00e9","link":"https:\/\/www.sabine-serrad.fr\/?cat=1"},"img":{"alt_text":"","src":"https:\/\/i0.wp.com\/www.sabine-serrad.fr\/wp-content\/uploads\/2020\/05\/Maison-et-Travaux-2020-Publication3-Sabine-Serrad.jpg?fit=1200%2C818&ssl=1&resize=350%2C200","width":350,"height":200,"srcset":"https:\/\/i0.wp.com\/www.sabine-serrad.fr\/wp-content\/uploads\/2020\/05\/Maison-et-Travaux-2020-Publication3-Sabine-Serrad.jpg?fit=1200%2C818&ssl=1&resize=350%2C200 1x, https:\/\/i0.wp.com\/www.sabine-serrad.fr\/wp-content\/uploads\/2020\/05\/Maison-et-Travaux-2020-Publication3-Sabine-Serrad.jpg?fit=1200%2C818&ssl=1&resize=525%2C300 1.5x, https:\/\/i0.wp.com\/www.sabine-serrad.fr\/wp-content\/uploads\/2020\/05\/Maison-et-Travaux-2020-Publication3-Sabine-Serrad.jpg?fit=1200%2C818&ssl=1&resize=700%2C400 2x, https:\/\/i0.wp.com\/www.sabine-serrad.fr\/wp-content\/uploads\/2020\/05\/Maison-et-Travaux-2020-Publication3-Sabine-Serrad.jpg?fit=1200%2C818&ssl=1&resize=1050%2C600 3x"},"classes":[]},{"id":1352,"url":"https:\/\/www.sabine-serrad.fr\/?p=1352","url_meta":{"origin":1248,"position":2},"title":"Publication DOMODECO #Chateau la Gall\u00e9e \/ Nathalie Rives","author":"sabine-serrad","date":"7 janvier 2021","format":"image","excerpt":"","rel":"","context":"Dans &quot;Non class\u00e9&quot;","block_context":{"text":"Non class\u00e9","link":"https:\/\/www.sabine-serrad.fr\/?cat=1"},"img":{"alt_text":"","src":"https:\/\/i0.wp.com\/www.sabine-serrad.fr\/wp-content\/uploads\/2021\/01\/Nathalie-Rives-Domodeco-Publication-Chateau-La-Gallee-Sabine-Serrad.jpg?fit=760%2C992&ssl=1&resize=350%2C200","width":350,"height":200,"srcset":"https:\/\/i0.wp.com\/www.sabine-serrad.fr\/wp-content\/uploads\/2021\/01\/Nathalie-Rives-Domodeco-Publication-Chateau-La-Gallee-Sabine-Serrad.jpg?fit=760%2C992&ssl=1&resize=350%2C200 1x, https:\/\/i0.wp.com\/www.sabine-serrad.fr\/wp-content\/uploads\/2021\/01\/Nathalie-Rives-Domodeco-Publication-Chateau-La-Gallee-Sabine-Serrad.jpg?fit=760%2C992&ssl=1&resize=525%2C300 1.5x, https:\/\/i0.wp.com\/www.sabine-serrad.fr\/wp-content\/uploads\/2021\/01\/Nathalie-Rives-Domodeco-Publication-Chateau-La-Gallee-Sabine-Serrad.jpg?fit=760%2C992&ssl=1&resize=700%2C400 2x"},"classes":[]},{"id":1143,"url":"https:\/\/www.sabine-serrad.fr\/?p=1143","url_meta":{"origin":1248,"position":3},"title":"Publication Domod\u00e9co N\u00b090","author":"sabine-serrad","date":"16 septembre 2019","format":false,"excerpt":"","rel":"","context":"Dans &quot;Non class\u00e9&quot;","block_context":{"text":"Non class\u00e9","link":"https:\/\/www.sabine-serrad.fr\/?cat=1"},"img":{"alt_text":"Photographe Sabine Serrad","src":"https:\/\/i0.wp.com\/www.sabine-serrad.fr\/wp-content\/uploads\/2019\/09\/Domodeco-N90-Sabine-Serrad-Damien-Carrerres-2.png?fit=1200%2C783&ssl=1&resize=350%2C200","width":350,"height":200,"srcset":"https:\/\/i0.wp.com\/www.sabine-serrad.fr\/wp-content\/uploads\/2019\/09\/Domodeco-N90-Sabine-Serrad-Damien-Carrerres-2.png?fit=1200%2C783&ssl=1&resize=350%2C200 1x, https:\/\/i0.wp.com\/www.sabine-serrad.fr\/wp-content\/uploads\/2019\/09\/Domodeco-N90-Sabine-Serrad-Damien-Carrerres-2.png?fit=1200%2C783&ssl=1&resize=525%2C300 1.5x, https:\/\/i0.wp.com\/www.sabine-serrad.fr\/wp-content\/uploads\/2019\/09\/Domodeco-N90-Sabine-Serrad-Damien-Carrerres-2.png?fit=1200%2C783&ssl=1&resize=700%2C400 2x, https:\/\/i0.wp.com\/www.sabine-serrad.fr\/wp-content\/uploads\/2019\/09\/Domodeco-N90-Sabine-Serrad-Damien-Carrerres-2.png?fit=1200%2C783&ssl=1&resize=1050%2C600 3x"},"classes":[]},{"id":1412,"url":"https:\/\/www.sabine-serrad.fr\/?p=1412","url_meta":{"origin":1248,"position":4},"title":"Publication DOMODECO \/ Triplex Chamonix Montblanc sign\u00e9 Agence BY","author":"sabine-serrad","date":"8 janvier 2021","format":"image","excerpt":"","rel":"","context":"Dans &quot;Non class\u00e9&quot;","block_context":{"text":"Non class\u00e9","link":"https:\/\/www.sabine-serrad.fr\/?cat=1"},"img":{"alt_text":"","src":"https:\/\/i0.wp.com\/www.sabine-serrad.fr\/wp-content\/uploads\/2021\/01\/Domodeco-Agence-By-Chamonix-Sabine-Serrad-2.png?fit=915%2C1200&ssl=1&resize=350%2C200","width":350,"height":200,"srcset":"https:\/\/i0.wp.com\/www.sabine-serrad.fr\/wp-content\/uploads\/2021\/01\/Domodeco-Agence-By-Chamonix-Sabine-Serrad-2.png?fit=915%2C1200&ssl=1&resize=350%2C200 1x, https:\/\/i0.wp.com\/www.sabine-serrad.fr\/wp-content\/uploads\/2021\/01\/Domodeco-Agence-By-Chamonix-Sabine-Serrad-2.png?fit=915%2C1200&ssl=1&resize=525%2C300 1.5x, https:\/\/i0.wp.com\/www.sabine-serrad.fr\/wp-content\/uploads\/2021\/01\/Domodeco-Agence-By-Chamonix-Sabine-Serrad-2.png?fit=915%2C1200&ssl=1&resize=700%2C400 2x"},"classes":[]},{"id":1084,"url":"https:\/\/www.sabine-serrad.fr\/?p=1084","url_meta":{"origin":1248,"position":5},"title":"Publication Domodeco \/ Avril 2018","author":"sabine-serrad","date":"3 mai 2018","format":false,"excerpt":"https:\/\/www.domodeco.fr\/magazine-en-ligne","rel":"","context":"Dans &quot;D\u00e9coration \/ Architecture d'int\u00e9rieur&quot;","block_context":{"text":"D\u00e9coration \/ Architecture d'int\u00e9rieur","link":"https:\/\/www.sabine-serrad.fr\/?cat=88"},"img":{"alt_text":"","src":"https:\/\/i0.wp.com\/www.sabine-serrad.fr\/wp-content\/uploads\/2018\/05\/SabineSerradPublicationDomodeco1-1.jpg?fit=1200%2C749&ssl=1&resize=350%2C200","width":350,"height":200,"srcset":"https:\/\/i0.wp.com\/www.sabine-serrad.fr\/wp-content\/uploads\/2018\/05\/SabineSerradPublicationDomodeco1-1.jpg?fit=1200%2C749&ssl=1&resize=350%2C200 1x, https:\/\/i0.wp.com\/www.sabine-serrad.fr\/wp-content\/uploads\/2018\/05\/SabineSerradPublicationDomodeco1-1.jpg?fit=1200%2C749&ssl=1&resize=525%2C300 1.5x, https:\/\/i0.wp.com\/www.sabine-serrad.fr\/wp-content\/uploads\/2018\/05\/SabineSerradPublicationDomodeco1-1.jpg?fit=1200%2C749&ssl=1&resize=700%2C400 2x, https:\/\/i0.wp.com\/www.sabine-serrad.fr\/wp-content\/uploads\/2018\/05\/SabineSerradPublicationDomodeco1-1.jpg?fit=1200%2C749&ssl=1&resize=1050%2C600 3x"},"classes":[]}],"_links":{"self":[{"href":"https:\/\/www.sabine-serrad.fr\/index.php?rest_route=\/wp\/v2\/posts\/1248"}],"collection":[{"href":"https:\/\/www.sabine-serrad.fr\/index.php?rest_route=\/wp\/v2\/posts"}],"about":[{"href":"https:\/\/www.sabine-serrad.fr\/index.php?rest_route=\/wp\/v2\/types\/post"}],"author":[{"embeddable":true,"href":"https:\/\/www.sabine-serrad.fr\/index.php?rest_route=\/wp\/v2\/users\/1"}],"replies":[{"embeddable":true,"href":"https:\/\/www.sabine-serrad.fr\/index.php?rest_route=%2Fwp%2Fv2%2Fcomments&post=1248"}],"version-history":[{"count":3,"href":"https:\/\/www.sabine-serrad.fr\/index.php?rest_route=\/wp\/v2\/posts\/1248\/revisions"}],"predecessor-version":[{"id":1251,"href":"https:\/\/www.sabine-serrad.fr\/index.php?rest_route=\/wp\/v2\/posts\/1248\/revisions\/1251"}],"wp:featuredmedia":[{"embeddable":true,"href":"https:\/\/www.sabine-serrad.fr\/index.php?rest_route=\/wp\/v2\/media\/1246"}],"wp:attachment":[{"href":"https:\/\/www.sabine-serrad.fr\/index.php?rest_route=%2Fwp%2Fv2%2Fmedia&parent=1248"}],"wp:term":[{"taxonomy":"category","embeddable":true,"href":"https:\/\/www.sabine-serrad.fr\/index.php?rest_route=%2Fwp%2Fv2%2Fcategories&post=1248"},{"taxonomy":"post_tag","embeddable":true,"href":"https:\/\/www.sabine-serrad.fr\/index.php?rest_route=%2Fwp%2Fv2%2Ftags&post=1248"}],"curies":[{"name":"wp","href":"https:\/\/api.w.org\/{rel}","templated":true}]}}